{"id":552,"date":"2023-12-04T12:29:56","date_gmt":"2023-12-04T11:29:56","guid":{"rendered":"https:\/\/apel-saint-michel-des-batignolles.com\/?p=552"},"modified":"2024-02-11T19:52:30","modified_gmt":"2024-02-11T18:52:30","slug":"venez-communiquer-la-passion-de-votre-metier-aux-eleves-de-4eme-et-3eme","status":"publish","type":"post","link":"https:\/\/apel-saint-michel-des-batignolles.com\/index.php\/2023\/12\/04\/venez-communiquer-la-passion-de-votre-metier-aux-eleves-de-4eme-et-3eme\/","title":{"rendered":"samedi 3 f\u00e9vrier 2024 de 8h45 \u00e0 13h30"},"content":{"rendered":"\n<p>Le coll\u00e8ge Saint-Michel des Batignolles et l&rsquo;Apel organisent \u00e0 nouveau cette ann\u00e9e un Forum des M\u00e9tiers<\/p>\n\n\n\n<p class=\"has-medium-font-size\">Ce forum est une opportunit\u00e9 unique pour nos enfants de d\u00e9couvrir la diversit\u00e9 des m\u00e9tiers. Plus les intervenants sont nombreux, plus les coll\u00e9giens pourront percevoir cette diversit\u00e9.<\/p>\n\n\n\n<p>Nous avons besoin de vous pour assurer&nbsp;le succ\u00e8s de cette matin\u00e9e.<\/p>\n\n\n\n<p>Si vous souhaitez y participer ou si vous voulez obtenir des pr\u00e9cisions,<\/p>\n\n\n\n<p>contactez les organisateurs \u00e0 l&rsquo;adresse suivante (en pr\u00e9cisant en objet \u00ab\u00a0Forum des m\u00e9tiers\u00a0\u00bb):<\/p>\n\n\n\n<p><a href=\"mailto:apelsmdb@gmail.com\" target=\"_blank\" rel=\"noreferrer noopener\">apelsmdb@gmail.com<\/a><\/p>\n\n\n\n<p>Nous vous adresserons un courriel avec un lien d&rsquo;inscription.<\/p>\n","protected":false},"excerpt":{"rendered":"<p>Le coll\u00e8ge Saint-Michel des Batignolles et l&rsquo;Apel organisent \u00e0 nouveau cette ann\u00e9e un Forum des M\u00e9tiers Ce forum est une<\/p>\n","protected":false},"author":1,"featured_media":553,"comment_status":"closed","ping_status":"closed","sticky":false,"template":"","format":"standard","meta":{"footnotes":""},"categories":[1],"tags":[],"_links":{"self":[{"href":"https:\/\/apel-saint-michel-des-batignolles.com\/index.php\/wp-json\/wp\/v2\/posts\/552"}],"collection":[{"href":"https:\/\/apel-saint-michel-des-batignolles.com\/index.php\/wp-json\/wp\/v2\/posts"}],"about":[{"href":"https:\/\/apel-saint-michel-des-batignolles.com\/index.php\/wp-json\/wp\/v2\/types\/post"}],"author":[{"embeddable":true,"href":"https:\/\/apel-saint-michel-des-batignolles.com\/index.php\/wp-json\/wp\/v2\/users\/1"}],"replies":[{"embeddable":true,"href":"https:\/\/apel-saint-michel-des-batignolles.com\/index.php\/wp-json\/wp\/v2\/comments?post=552"}],"version-history":[{"count":3,"href":"https:\/\/apel-saint-michel-des-batignolles.com\/index.php\/wp-json\/wp\/v2\/posts\/552\/revisions"}],"predecessor-version":[{"id":556,"href":"https:\/\/apel-saint-michel-des-batignolles.com\/index.php\/wp-json\/wp\/v2\/posts\/552\/revisions\/556"}],"wp:featuredmedia":[{"embeddable":true,"href":"https:\/\/apel-saint-michel-des-batignolles.com\/index.php\/wp-json\/wp\/v2\/media\/553"}],"wp:attachment":[{"href":"https:\/\/apel-saint-michel-des-batignolles.com\/index.php\/wp-json\/wp\/v2\/media?parent=552"}],"wp:term":[{"taxonomy":"category","embeddable":true,"href":"https:\/\/apel-saint-michel-des-batignolles.com\/index.php\/wp-json\/wp\/v2\/categories?post=552"},{"taxonomy":"post_tag","embeddable":true,"href":"https:\/\/apel-saint-michel-des-batignolles.com\/index.php\/wp-json\/wp\/v2\/tags?post=552"}],"curies":[{"name":"wp","href":"https:\/\/api.w.org\/{rel}","templated":true}]}}